{"id":132,"date":"2011-06-04T23:23:05","date_gmt":"2011-06-05T03:23:05","guid":{"rendered":"http:\/\/amphitheatre-quebec.org\/blog\/?p=132"},"modified":"2015-01-31T20:12:38","modified_gmt":"2015-02-01T01:12:38","slug":"on-continue","status":"publish","type":"post","link":"http:\/\/amphitheatre-quebec.org\/blog\/2011\/06\/04\/on-continue\/","title":{"rendered":"On continue"},"content":{"rendered":"<p>Monsieur de Belleval n&rsquo;a jamais dit que nous ne poursuivrons pas la bataille, c&rsquo;est Mme Dussault de Radio-Canada qui l&rsquo;a dit: \u00ab\u00a0sinon si je comprends bien vous ne la poursuivrez pas cette bataille\u00a0\u00bb. Regardez bien la toute fin de l&rsquo;<a href=\"http:\/\/www.radio-canada.ca\/emissions\/24_heures_en_60_minutes\/2010-2011\/Entrevue.asp?idDoc=156819&amp;autoPlay=http:\/\/www.radio-canada.ca\/Medianet\/2011\/RDI2\/24HeuresEn60Minutes201106031902_5.asx\" target=\"_blank\">extrait de l&rsquo;\u00e9mission<\/a>. Monsieur de Belleval a dit que nous devrons avoir de l&rsquo;aide de corps constitu\u00e9s, par exemple le Barreau du Qu\u00e9bec, le Barreau du Canada, ou la Ligue des droits de l&rsquo;Homme.\u00a0Monsieur de Belleval faisait \u00e9tat de difficult\u00e9s r\u00e9elles et indiquait des voies de solution. C&rsquo;est tout. On peut avoir l&rsquo;air fatigu\u00e9 quand on fait face \u00e0 l&rsquo;ensemble du corps politique qui s&rsquo;est ligu\u00e9 pour avaliser l&rsquo;inacceptable.<\/p>\n<p><strong>Nous continuons les proc\u00e9dures.<\/strong> On ne peut \u00eatre plus clair.<\/p>\n<p>Tout d&rsquo;abord, nous devons attendre pour voir ce qui va se passer. Nous r\u00e9agirons \u00e0 mesure. Le gouvernement n&rsquo;a pas encore vot\u00e9 de loi omnibus. La Cour sup\u00e9rieure ne s&rsquo;est pas encore prononc\u00e9e. Qui sait sait si \u00e7a prendrait 5 ou 6 ans pour r\u00e9gler le probl\u00e8me constitutionnel. \u00c7a pourrait aussi bien prendre quelques mois puisque la cause est simple et l&rsquo;urgence r\u00e9elle. La vie est pleine de rebondissements. Il n&rsquo;y a pas si longtemps, qui pr\u00e9disait que nous serions tous en commission parlementaire? Amir Khadir allait la bloquer. Allons-y un jour \u00e0 la fois et nous verrons ce qui se passe.<\/p>\n<p>La continuation d\u00e9pend des conseils de nos avocats, des d\u00e9cisions que prendront les organismes qui veillent au respect des droits, et du support du public. Jusqu&rsquo;ici nous nous sommes bien d\u00e9brouill\u00e9s. Y&rsquo;a pas de raison de croire que \u00e7a ne va pas continuer.<\/p>\n<p>Je me permets de mettre l&#8217;emphase sur le support du public. Nous devons payer des avocats et nous le faisons gr\u00e2ce \u00e0 votre support. Prenez le temps pour contribuer \u00e0 notre effort sur <a href=\"http:\/\/amphitheatre-quebec.org\/blog\/dons\/\" target=\"_blank\">la page des dons<\/a> et faites le tour de \u00a0quelques-uns de vos amis pour qu&rsquo;ils contribuent \u00e0 notre projet eux aussi. Vous voyez bien que nous ne sommes pas financ\u00e9s par Bell ou Molson ou d&rsquo;autres grandes entit\u00e9s. Il y a une chose s\u00fbre: ce ne sont pas les manoeuvres de l&rsquo;Assembl\u00e9e nationale qui nous feront arr\u00eater, mais le manque de support du public. Si vous nous aidez, on va continuer. Le nerf de la guerre c&rsquo;est vous et personne d&rsquo;autre.<\/p>\n","protected":false},"excerpt":{"rendered":"<p>Monsieur de Belleval n&rsquo;a jamais dit que nous ne poursuivrons pas la bataille, c&rsquo;est Mme Dussault de Radio-Canada qui l&rsquo;a dit: \u00ab\u00a0sinon si je comprends bien vous ne la poursuivrez pas cette bataille\u00a0\u00bb. Regardez bien la toute fin de l&rsquo;extrait &hellip; <a href=\"http:\/\/amphitheatre-quebec.org\/blog\/2011\/06\/04\/on-continue\/\">Continuer la lecture <span class=\"meta-nav\">&rarr;<\/span><\/a><\/p>\n","protected":false},"author":1,"featured_media":0,"comment_status":"closed","ping_status":"closed","sticky":false,"template":"","format":"standard","meta":{"jetpack_post_was_ever_published":false,"_jetpack_newsletter_access":"","_jetpack_dont_email_post_to_subs":false,"_jetpack_newsletter_tier_id":0,"_jetpack_memberships_contains_paywalled_content":false,"_jetpack_memberships_contains_paid_content":false,"footnotes":"","jetpack_publicize_message":"","jetpack_publicize_feature_enabled":true,"jetpack_social_post_already_shared":false,"jetpack_social_options":{"image_generator_settings":{"template":"highway","default_image_id":0,"enabled":false},"version":2}},"categories":[1],"tags":[],"class_list":["post-132","post","type-post","status-publish","format-standard","hentry","category-uncategorized"],"jetpack_publicize_connections":[],"jetpack_featured_media_url":"","jetpack_sharing_enabled":true,"jetpack_shortlink":"https:\/\/wp.me\/p1yH5L-28","_links":{"self":[{"href":"http:\/\/amphitheatre-quebec.org\/blog\/wp-json\/wp\/v2\/posts\/132","targetHints":{"allow":["GET"]}}],"collection":[{"href":"http:\/\/amphitheatre-quebec.org\/blog\/wp-json\/wp\/v2\/posts"}],"about":[{"href":"http:\/\/amphitheatre-quebec.org\/blog\/wp-json\/wp\/v2\/types\/post"}],"author":[{"embeddable":true,"href":"http:\/\/amphitheatre-quebec.org\/blog\/wp-json\/wp\/v2\/users\/1"}],"replies":[{"embeddable":true,"href":"http:\/\/amphitheatre-quebec.org\/blog\/wp-json\/wp\/v2\/comments?post=132"}],"version-history":[{"count":4,"href":"http:\/\/amphitheatre-quebec.org\/blog\/wp-json\/wp\/v2\/posts\/132\/revisions"}],"predecessor-version":[{"id":632,"href":"http:\/\/amphitheatre-quebec.org\/blog\/wp-json\/wp\/v2\/posts\/132\/revisions\/632"}],"wp:attachment":[{"href":"http:\/\/amphitheatre-quebec.org\/blog\/wp-json\/wp\/v2\/media?parent=132"}],"wp:term":[{"taxonomy":"category","embeddable":true,"href":"http:\/\/amphitheatre-quebec.org\/blog\/wp-json\/wp\/v2\/categories?post=132"},{"taxonomy":"post_tag","embeddable":true,"href":"http:\/\/amphitheatre-quebec.org\/blog\/wp-json\/wp\/v2\/tags?post=132"}],"curies":[{"name":"wp","href":"https:\/\/api.w.org\/{rel}","templated":true}]}}