{"id":37,"date":"2011-05-18T12:11:25","date_gmt":"2011-05-18T16:11:25","guid":{"rendered":"http:\/\/amphitheatre-quebec.org\/blog\/?p=37"},"modified":"2011-05-18T12:11:25","modified_gmt":"2011-05-18T16:11:25","slug":"toe-tais-toe","status":"publish","type":"post","link":"http:\/\/amphitheatre-quebec.org\/blog\/2011\/05\/18\/toe-tais-toe\/","title":{"rendered":"To\u00e9, tais-to\u00e9!"},"content":{"rendered":"<p>Le Maire de Qu\u00e9bec veut faire voter par l&rsquo;Assembl\u00e9e Nationale une loi qui nous emp\u00eacherait d&rsquo;aller devant les tribunaux pour faire invalider les r\u00e9solutions du conseil qui ent\u00e9rinent l&rsquo;accord avec Quebecor Media.<\/p>\n<p>Il s&rsquo;est ensuivi des discussions au sujet de l&rsquo;entente. Est-elle l\u00e9gale? Est-elle financi\u00e8rement in\u00e9quitable? Chacun donne son avis. Nous avons eu ceux du Ministre Lessard, de Mme. Maltais, et de nombreux autres parlementaires. Fort bien, mais l\u00e0 n&rsquo;est pas la question. Les parlementaires devraient s&rsquo;insurger en bloc contre une tentative pour enlever les droits des citoyens d&rsquo;aller devant les tribunaux.<\/p>\n<p>L&rsquo;entente serait de l&rsquo;avis de tous la plus parfaite au monde (bien que si elle l&rsquo;\u00e9tait, on n&rsquo;en serait pas l\u00e0), on devrait voir d&rsquo;un tr\u00e8s mauvais oeil cet embryon de d\u00e9rive totalitaire. C&rsquo;est aux tribunaux de juger de la l\u00e9galit\u00e9 de l&rsquo;entente. Il n&rsquo;y a que leur voix qui compte \u00e0 ce sujet. Ce n&rsquo;est pas au pouvoir l\u00e9gislatif de le faire. C&rsquo;est pour cela que nous avons une s\u00e9paration des pouvoirs.<\/p>\n<p>L&rsquo;\u00e9thique consiste \u00e0 faire ce qui est juste m\u00eame, et surtout, lorsque c&rsquo;est au d\u00e9triment de notre int\u00e9r\u00eat personnel. On entend souvent que l&rsquo;int\u00e9r\u00eat personnel d&rsquo;un \u00e9lu est de dire ce qu&rsquo;il faut pour se faire r\u00e9\u00e9lire, de dire ce qu&rsquo;il pense que ses \u00e9lecteurs veulent entendre. Si c&rsquo;est le cas, la politique enjoint l&rsquo;\u00e9lu de voter pour cette loi et l&rsquo;\u00e9thique de voter contre.<\/p>\n<p>En sommes-nous rendus l\u00e0? Est-ce bien vrai que les \u00e9lecteurs sont pr\u00eats \u00e0 b\u00e2illonner les citoyens, \u00e0 retirer leur droit d&rsquo;aller en cour? Oui, il y a de telles personnes, mais n&rsquo;est-ce l\u00e0 qu&rsquo;un premier r\u00e9flexe irr\u00e9fl\u00e9chi qui dispara\u00eet d\u00e8s qu&rsquo;on pense au fond de la question? Si ces citoyens veulent, apr\u00e8s r\u00e9flexion, que les parlementaires prot\u00e8gent leurs droits, ne voudront-ils pas voir rejeter cette loi? Dans ce cas, l&rsquo;int\u00e9r\u00eat politique est de voter contre la loi, en accord avec l&rsquo;\u00e9thique.<\/p>\n<p>Au d\u00e9part, l&rsquo;entente servait de r\u00e9v\u00e9lateur pour nous montrer de quoi sont faits R\u00e9gis Labeaume et les autres intervenants dans ce dossier pr\u00e9cis. Maintenant, gr\u00e2ce au projet de loi, nous verrons de quoi sont faits les parlementaires et leurs \u00e9lecteurs.<\/p>\n<p>En votre \u00e2me et conscience \u00eates-vous pr\u00eats \u00e0 sacrifier des droits fondamentaux pour de l&rsquo;opportunisme?<\/p>\n<p>Alain Miville de Ch\u00eane<\/p>\n<div>\n<dl>\n<dd>\n<dl> <\/dl>\n<\/dd>\n<\/dl>\n<\/div>\n","protected":false},"excerpt":{"rendered":"<p>Le Maire de Qu\u00e9bec veut faire voter par l&rsquo;Assembl\u00e9e Nationale une loi qui nous emp\u00eacherait d&rsquo;aller devant les tribunaux pour faire invalider les r\u00e9solutions du conseil qui ent\u00e9rinent l&rsquo;accord avec Quebecor Media. Il s&rsquo;est ensuivi des discussions au sujet de &hellip; <a href=\"http:\/\/amphitheatre-quebec.org\/blog\/2011\/05\/18\/toe-tais-toe\/\">Continuer la lecture <span class=\"meta-nav\">&rarr;<\/span><\/a><\/p>\n","protected":false},"author":1,"featured_media":0,"comment_status":"open","ping_status":"open","sticky":false,"template":"","format":"standard","meta":{"jetpack_post_was_ever_published":false,"_jetpack_newsletter_access":"","_jetpack_dont_email_post_to_subs":false,"_jetpack_newsletter_tier_id":0,"_jetpack_memberships_contains_paywalled_content":false,"_jetpack_memberships_contains_paid_content":false,"footnotes":"","jetpack_publicize_message":"","jetpack_publicize_feature_enabled":true,"jetpack_social_post_already_shared":false,"jetpack_social_options":{"image_generator_settings":{"template":"highway","default_image_id":0,"enabled":false},"version":2}},"categories":[1],"tags":[],"class_list":["post-37","post","type-post","status-publish","format-standard","hentry","category-uncategorized"],"jetpack_publicize_connections":[],"jetpack_featured_media_url":"","jetpack_sharing_enabled":true,"jetpack_shortlink":"https:\/\/wp.me\/p1yH5L-B","_links":{"self":[{"href":"http:\/\/amphitheatre-quebec.org\/blog\/wp-json\/wp\/v2\/posts\/37","targetHints":{"allow":["GET"]}}],"collection":[{"href":"http:\/\/amphitheatre-quebec.org\/blog\/wp-json\/wp\/v2\/posts"}],"about":[{"href":"http:\/\/amphitheatre-quebec.org\/blog\/wp-json\/wp\/v2\/types\/post"}],"author":[{"embeddable":true,"href":"http:\/\/amphitheatre-quebec.org\/blog\/wp-json\/wp\/v2\/users\/1"}],"replies":[{"embeddable":true,"href":"http:\/\/amphitheatre-quebec.org\/blog\/wp-json\/wp\/v2\/comments?post=37"}],"version-history":[{"count":1,"href":"http:\/\/amphitheatre-quebec.org\/blog\/wp-json\/wp\/v2\/posts\/37\/revisions"}],"predecessor-version":[{"id":38,"href":"http:\/\/amphitheatre-quebec.org\/blog\/wp-json\/wp\/v2\/posts\/37\/revisions\/38"}],"wp:attachment":[{"href":"http:\/\/amphitheatre-quebec.org\/blog\/wp-json\/wp\/v2\/media?parent=37"}],"wp:term":[{"taxonomy":"category","embeddable":true,"href":"http:\/\/amphitheatre-quebec.org\/blog\/wp-json\/wp\/v2\/categories?post=37"},{"taxonomy":"post_tag","embeddable":true,"href":"http:\/\/amphitheatre-quebec.org\/blog\/wp-json\/wp\/v2\/tags?post=37"}],"curies":[{"name":"wp","href":"https:\/\/api.w.org\/{rel}","templated":true}]}}