{"id":48,"date":"2011-05-21T10:09:14","date_gmt":"2011-05-21T14:09:14","guid":{"rendered":"http:\/\/amphitheatre-quebec.org\/blog\/?p=48"},"modified":"2013-07-10T16:53:28","modified_gmt":"2013-07-10T20:53:28","slug":"appel-doffres","status":"publish","type":"post","link":"http:\/\/amphitheatre-quebec.org\/blog\/2011\/05\/21\/appel-doffres\/","title":{"rendered":"Appel d&rsquo;offres"},"content":{"rendered":"<p>\u00c0 lire les journaux on croirait que la l\u00e9galit\u00e9 de l&rsquo;entente ne tient qu&rsquo;au processus qui y a men\u00e9. En r\u00e9alit\u00e9, le fait de n&rsquo;\u00eatre pas all\u00e9 en appel d&rsquo;offres est un aspect secondaire de la question. L&rsquo;article 573 de la <em>Loi sur les cit\u00e9s et villes<\/em> parle beaucoup d&rsquo;achats par une ville et reste silencieuse sur les ventes. Cependant, la Politique de gestion contractuelle de la Ville commence d&#8217;embl\u00e9e par:<\/p>\n<blockquote><p>Elle s&rsquo;applique non seulement lorsque la Ville est en position d&rsquo;acheteur mais \u00e9galement lorsqu&rsquo;elle est dans la position de vendeur de biens ou de services compte tenu des adaptations n\u00e9cessaires.<\/p><\/blockquote>\n<p>Alors il est assez clair que la Ville n&rsquo;a pas suivi sa propre politique de gestion, ce qui est critiquable, surtout dans un projet de cette envergure, mais pas ill\u00e9gal selon les lois.<\/p>\n<p>Je vous propose l&rsquo;illustration graphique suivante qui met en perspective l&rsquo;aspect appel d&rsquo;offres (cliquez sur l&rsquo;image pour la voir en plus grand). On voit bien que les ill\u00e9galit\u00e9s sont l\u00e9gion par rapport au probl\u00e8me de l&rsquo;appel d&rsquo;offres. L&rsquo;ill\u00e9galit\u00e9 de l&rsquo;entente tient \u00e0 plusieurs fils, pas juste un seul.<\/p>\n<p><a href=\"http:\/\/amphitheatre-quebec.org\/blog\/wp-content\/uploads\/2011\/05\/Analyse-de-entente.jpg\"><img loading=\"lazy\" decoding=\"async\" class=\"aligncenter size-full wp-image-49\" title=\"Analyse de entente\" src=\"http:\/\/amphitheatre-quebec.org\/blog\/wp-content\/uploads\/2011\/05\/Analyse-de-entente.jpg\" alt=\"\" width=\"1218\" height=\"571\" srcset=\"http:\/\/amphitheatre-quebec.org\/blog\/wp-content\/uploads\/2011\/05\/Analyse-de-entente.jpg 1218w, http:\/\/amphitheatre-quebec.org\/blog\/wp-content\/uploads\/2011\/05\/Analyse-de-entente-300x140.jpg 300w, http:\/\/amphitheatre-quebec.org\/blog\/wp-content\/uploads\/2011\/05\/Analyse-de-entente-1024x480.jpg 1024w\" sizes=\"auto, (max-width: 1218px) 100vw, 1218px\" \/><\/a>La Ville dit n&rsquo;avoir rien d\u00e9bours\u00e9 envers Quebecor, donc qu&rsquo;elle n&rsquo;avait pas besoin d&rsquo;aller en appel d&rsquo;offres. C&rsquo;est techniquement vrai, mais faux dans son effet. Ca ressemble un peu \u00e0 quelqu&rsquo;un qui mettrait son auto \u00e0 la disposition enti\u00e8re de quelqu&rsquo;un en lui demandant de ne payer que l&rsquo;essence. Il dit \u00ab\u00a0regardez, c&rsquo;est lui qui me paye, ce n&rsquo;est pas moi qui le paye\u00a0\u00bb tout en remboursant l&#8217;emprunt \u00e0 la banque, payant les assurances, et l&rsquo;entretien.<\/p>\n","protected":false},"excerpt":{"rendered":"<p>\u00c0 lire les journaux on croirait que la l\u00e9galit\u00e9 de l&rsquo;entente ne tient qu&rsquo;au processus qui y a men\u00e9. En r\u00e9alit\u00e9, le fait de n&rsquo;\u00eatre pas all\u00e9 en appel d&rsquo;offres est un aspect secondaire de la question. L&rsquo;article 573 de &hellip; <a href=\"http:\/\/amphitheatre-quebec.org\/blog\/2011\/05\/21\/appel-doffres\/\">Continuer la lecture <span class=\"meta-nav\">&rarr;<\/span><\/a><\/p>\n","protected":false},"author":1,"featured_media":0,"comment_status":"closed","ping_status":"closed","sticky":false,"template":"","format":"standard","meta":{"jetpack_post_was_ever_published":false,"_jetpack_newsletter_access":"","_jetpack_dont_email_post_to_subs":false,"_jetpack_newsletter_tier_id":0,"_jetpack_memberships_contains_paywalled_content":false,"_jetpack_memberships_contains_paid_content":false,"footnotes":"","jetpack_publicize_message":"","jetpack_publicize_feature_enabled":true,"jetpack_social_post_already_shared":false,"jetpack_social_options":{"image_generator_settings":{"template":"highway","default_image_id":0,"enabled":false},"version":2}},"categories":[1],"tags":[],"class_list":["post-48","post","type-post","status-publish","format-standard","hentry","category-uncategorized"],"jetpack_publicize_connections":[],"jetpack_featured_media_url":"","jetpack_sharing_enabled":true,"jetpack_shortlink":"https:\/\/wp.me\/p1yH5L-M","_links":{"self":[{"href":"http:\/\/amphitheatre-quebec.org\/blog\/wp-json\/wp\/v2\/posts\/48","targetHints":{"allow":["GET"]}}],"collection":[{"href":"http:\/\/amphitheatre-quebec.org\/blog\/wp-json\/wp\/v2\/posts"}],"about":[{"href":"http:\/\/amphitheatre-quebec.org\/blog\/wp-json\/wp\/v2\/types\/post"}],"author":[{"embeddable":true,"href":"http:\/\/amphitheatre-quebec.org\/blog\/wp-json\/wp\/v2\/users\/1"}],"replies":[{"embeddable":true,"href":"http:\/\/amphitheatre-quebec.org\/blog\/wp-json\/wp\/v2\/comments?post=48"}],"version-history":[{"count":7,"href":"http:\/\/amphitheatre-quebec.org\/blog\/wp-json\/wp\/v2\/posts\/48\/revisions"}],"predecessor-version":[{"id":601,"href":"http:\/\/amphitheatre-quebec.org\/blog\/wp-json\/wp\/v2\/posts\/48\/revisions\/601"}],"wp:attachment":[{"href":"http:\/\/amphitheatre-quebec.org\/blog\/wp-json\/wp\/v2\/media?parent=48"}],"wp:term":[{"taxonomy":"category","embeddable":true,"href":"http:\/\/amphitheatre-quebec.org\/blog\/wp-json\/wp\/v2\/categories?post=48"},{"taxonomy":"post_tag","embeddable":true,"href":"http:\/\/amphitheatre-quebec.org\/blog\/wp-json\/wp\/v2\/tags?post=48"}],"curies":[{"name":"wp","href":"https:\/\/api.w.org\/{rel}","templated":true}]}}